{"id":5264,"date":"2025-03-10T17:40:57","date_gmt":"2025-03-10T16:40:57","guid":{"rendered":"https:\/\/iessanguesa.educacion.navarra.es\/web1\/?p=5264"},"modified":"2025-03-10T17:56:02","modified_gmt":"2025-03-10T16:56:02","slug":"semana-blanca-en-isaba","status":"publish","type":"post","link":"https:\/\/iessanguesa.educacion.navarra.es\/web1\/blog\/2025\/03\/10\/semana-blanca-en-isaba\/","title":{"rendered":"Semana Blanca en Isaba"},"content":{"rendered":"\n<p>Del 3 al 7 de febrero, el alumnado de 2\u00ba ESO tuvo la oportunidad de disfrutar de la Semana Blanca en Isaba. Fueron cinco d\u00edas llenos de deporte, convivencia y diversi\u00f3n en la nieve, una experiencia muy significativa que recordar\u00e1n siempre.<\/p>\n\n\n\n<!--more-->\n\n\n\n<p>Desde el primer d\u00eda, nos sumergimos en la pr\u00e1ctica de esqu\u00ed de fondo en el recinto de El Ferial, donde tanto principiantes como avanzados pudieron mejorar sus habilidades. Entre ca\u00eddas y risas, aprendimos a deslizarnos por las pistas y a disfrutar de la nieve al m\u00e1ximo. Adem\u00e1s, a las tardes hemos realizado varias actividades relacionadas con el deporte rural, sostenibilidad y sobre el patrimonio cultural de Navarra y del propio valle.<\/p>\n\n\n\n<p>Las noches tambi\u00e9n fueron especiales, con actividades grupales que fortalecieron los lazos entre compa\u00f1eros. Juegos, charlas y momentos de descanso hicieron que la experiencia fuera a\u00fan m\u00e1s enriquecedora.<\/p>\n\n\n\n<p>Sin duda, esta Semana Blanca en Isaba nos dej\u00f3 grandes recuerdos y muchas an\u00e9cdotas para contar. \u00a1Volvemos con la mochila llena de experiencias y con ganas de repetir!<\/p>\n\n\n\n<figure class=\"wp-block-image size-full is-resized\"><a href=\"https:\/\/drive.google.com\/drive\/folders\/1aUdO4ceda7Bl5XRieIqPRm2BUmMnZC60?usp=drive_link\" target=\"_blank\" rel=\"noopener\"><img loading=\"lazy\" src=\"https:\/\/iessanguesa.educacion.navarra.es\/web1\/wp-content\/uploads\/2025\/03\/Imagenes-S-blanca.jpg\" alt=\"\" class=\"wp-image-5270\" width=\"352\" height=\"255\" srcset=\"https:\/\/iessanguesa.educacion.navarra.es\/web1\/wp-content\/uploads\/2025\/03\/Imagenes-S-blanca.jpg 948w, https:\/\/iessanguesa.educacion.navarra.es\/web1\/wp-content\/uploads\/2025\/03\/Imagenes-S-blanca-300x218.jpg 300w, https:\/\/iessanguesa.educacion.navarra.es\/web1\/wp-content\/uploads\/2025\/03\/Imagenes-S-blanca-768x558.jpg 768w\" sizes=\"(max-width: 352px) 100vw, 352px\" \/><\/a><figcaption><a href=\"https:\/\/drive.google.com\/drive\/folders\/1aUdO4ceda7Bl5XRieIqPRm2BUmMnZC60?usp=drive_link\">M\u00e1s im\u00e1genes de la Semana blanca<\/a><\/figcaption><\/figure>\n\n\n\n<p><\/p>\n","protected":false},"excerpt":{"rendered":"<p>Del 3 al 7 de febrero, el alumnado de 2\u00ba ESO tuvo la oportunidad de disfrutar de la Semana Blanca en Isaba. Fueron cinco d\u00edas llenos de deporte, convivencia y diversi\u00f3n en la nieve, una experiencia muy significativa que recordar\u00e1n siempre.<\/p>\n","protected":false},"author":1,"featured_media":5267,"comment_status":"open","ping_status":"open","sticky":false,"template":"","format":"standard","meta":{"_genesis_hide_title":false,"_genesis_hide_breadcrumbs":false,"_genesis_hide_singular_image":false,"_genesis_hide_footer_widgets":false,"_genesis_custom_body_class":"","_genesis_custom_post_class":"","_genesis_layout":""},"categories":[1],"tags":[],"_links":{"self":[{"href":"https:\/\/iessanguesa.educacion.navarra.es\/web1\/wp-json\/wp\/v2\/posts\/5264"}],"collection":[{"href":"https:\/\/iessanguesa.educacion.navarra.es\/web1\/wp-json\/wp\/v2\/posts"}],"about":[{"href":"https:\/\/iessanguesa.educacion.navarra.es\/web1\/wp-json\/wp\/v2\/types\/post"}],"author":[{"embeddable":true,"href":"https:\/\/iessanguesa.educacion.navarra.es\/web1\/wp-json\/wp\/v2\/users\/1"}],"replies":[{"embeddable":true,"href":"https:\/\/iessanguesa.educacion.navarra.es\/web1\/wp-json\/wp\/v2\/comments?post=5264"}],"version-history":[{"count":3,"href":"https:\/\/iessanguesa.educacion.navarra.es\/web1\/wp-json\/wp\/v2\/posts\/5264\/revisions"}],"predecessor-version":[{"id":5273,"href":"https:\/\/iessanguesa.educacion.navarra.es\/web1\/wp-json\/wp\/v2\/posts\/5264\/revisions\/5273"}],"wp:featuredmedia":[{"embeddable":true,"href":"https:\/\/iessanguesa.educacion.navarra.es\/web1\/wp-json\/wp\/v2\/media\/5267"}],"wp:attachment":[{"href":"https:\/\/iessanguesa.educacion.navarra.es\/web1\/wp-json\/wp\/v2\/media?parent=5264"}],"wp:term":[{"taxonomy":"category","embeddable":true,"href":"https:\/\/iessanguesa.educacion.navarra.es\/web1\/wp-json\/wp\/v2\/categories?post=5264"},{"taxonomy":"post_tag","embeddable":true,"href":"https:\/\/iessanguesa.educacion.navarra.es\/web1\/wp-json\/wp\/v2\/tags?post=5264"}],"curies":[{"name":"wp","href":"https:\/\/api.w.org\/{rel}","templated":true}]}}