{"id":4777,"date":"2023-04-19T09:56:18","date_gmt":"2023-04-19T07:56:18","guid":{"rendered":"https:\/\/iessanguesa.educacion.navarra.es\/web1\/?p=4777"},"modified":"2023-04-19T09:57:01","modified_gmt":"2023-04-19T07:57:01","slug":"intercambio-linguistico-frances-espanol","status":"publish","type":"post","link":"https:\/\/iessanguesa.educacion.navarra.es\/web1\/blog\/2023\/04\/19\/intercambio-linguistico-frances-espanol\/","title":{"rendered":"Intercambio ling\u00fc\u00edstico franc\u00e9s-espa\u00f1ol"},"content":{"rendered":"\n<p>Alumnado de franc\u00e9s de 2\u00ba, 3\u00ba y 4\u00ba de la ESO. <\/p>\n\n\n\n<!--more-->\n\n\n\n<p>Fotos del viaje realizado por el alumnado de Franc\u00e9s (2\u00ba, 3\u00ba y 4\u00ba de ESO) del IES Sierra de Leyre en Saint Palais: 21-24 de marzo de 2023<\/p>\n\n\n\n<figure class=\"wp-block-image size-large is-resized\"><img loading=\"lazy\" src=\"https:\/\/iessanguesa.educacion.navarra.es\/web1\/wp-content\/uploads\/2023\/04\/Intercambio-frances-1024x556.jpg\" alt=\"\" class=\"wp-image-4778\" width=\"329\" height=\"179\" srcset=\"https:\/\/iessanguesa.educacion.navarra.es\/web1\/wp-content\/uploads\/2023\/04\/Intercambio-frances-1024x556.jpg 1024w, https:\/\/iessanguesa.educacion.navarra.es\/web1\/wp-content\/uploads\/2023\/04\/Intercambio-frances-300x163.jpg 300w, https:\/\/iessanguesa.educacion.navarra.es\/web1\/wp-content\/uploads\/2023\/04\/Intercambio-frances-768x417.jpg 768w, https:\/\/iessanguesa.educacion.navarra.es\/web1\/wp-content\/uploads\/2023\/04\/Intercambio-frances.jpg 1357w\" sizes=\"(max-width: 329px) 100vw, 329px\" \/><\/figure>\n","protected":false},"excerpt":{"rendered":"<p>Alumnado de franc\u00e9s de 2\u00ba, 3\u00ba y 4\u00ba de la ESO.<\/p>\n","protected":false},"author":1,"featured_media":4778,"comment_status":"open","ping_status":"open","sticky":false,"template":"","format":"standard","meta":{"_genesis_hide_title":false,"_genesis_hide_breadcrumbs":false,"_genesis_hide_singular_image":false,"_genesis_hide_footer_widgets":false,"_genesis_custom_body_class":"","_genesis_custom_post_class":"","_genesis_layout":""},"categories":[1],"tags":[],"_links":{"self":[{"href":"https:\/\/iessanguesa.educacion.navarra.es\/web1\/wp-json\/wp\/v2\/posts\/4777"}],"collection":[{"href":"https:\/\/iessanguesa.educacion.navarra.es\/web1\/wp-json\/wp\/v2\/posts"}],"about":[{"href":"https:\/\/iessanguesa.educacion.navarra.es\/web1\/wp-json\/wp\/v2\/types\/post"}],"author":[{"embeddable":true,"href":"https:\/\/iessanguesa.educacion.navarra.es\/web1\/wp-json\/wp\/v2\/users\/1"}],"replies":[{"embeddable":true,"href":"https:\/\/iessanguesa.educacion.navarra.es\/web1\/wp-json\/wp\/v2\/comments?post=4777"}],"version-history":[{"count":2,"href":"https:\/\/iessanguesa.educacion.navarra.es\/web1\/wp-json\/wp\/v2\/posts\/4777\/revisions"}],"predecessor-version":[{"id":4781,"href":"https:\/\/iessanguesa.educacion.navarra.es\/web1\/wp-json\/wp\/v2\/posts\/4777\/revisions\/4781"}],"wp:featuredmedia":[{"embeddable":true,"href":"https:\/\/iessanguesa.educacion.navarra.es\/web1\/wp-json\/wp\/v2\/media\/4778"}],"wp:attachment":[{"href":"https:\/\/iessanguesa.educacion.navarra.es\/web1\/wp-json\/wp\/v2\/media?parent=4777"}],"wp:term":[{"taxonomy":"category","embeddable":true,"href":"https:\/\/iessanguesa.educacion.navarra.es\/web1\/wp-json\/wp\/v2\/categories?post=4777"},{"taxonomy":"post_tag","embeddable":true,"href":"https:\/\/iessanguesa.educacion.navarra.es\/web1\/wp-json\/wp\/v2\/tags?post=4777"}],"curies":[{"name":"wp","href":"https:\/\/api.w.org\/{rel}","templated":true}]}}